{"id":166,"date":"2023-07-07T20:49:31","date_gmt":"2023-07-07T20:49:31","guid":{"rendered":"http:\/\/fastwpdemo.com\/newwp\/whitehall\/?p=166"},"modified":"2023-07-27T08:14:14","modified_gmt":"2023-07-27T08:14:14","slug":"mayor-invites-medical-experts-to-discuss-about-covid","status":"publish","type":"post","link":"https:\/\/daco.al\/visitdurres\/index.php\/mayor-invites-medical-experts-to-discuss-about-covid\/","title":{"rendered":"\u2600\ufe0f\ud83c\udfd6\ufe0f\ud83c\udf0a Mbyllim sot Jav\u00ebn e Turizmit me organizimin e &#8216;Street Party&#8217;"},"content":{"rendered":"<div class=\"text\">\n\ud83c\udfbc\ud83c\udfb8 Eja festo dhe ti me ne sonte n\u00eb or\u00ebn 20.00 me muzik\u00eb me DJ, k\u00ebng\u00ebtar\u00eb dhe k\u00ebrcime latine<br \/>\nAdresa p\u00ebrgjat\u00eb \ud83d\udccd Bulevardit &#8216;Epidamn&#8217; (ish Rruga Tregtare).<br \/>\n#Durr\u00ebsiTuristik<br \/>\n#EjaDheTi<\/p>\n<\/div>\n","protected":false},"excerpt":{"rendered":"<p>\ud83c\udfbc\ud83c\udfb8 Eja festo dhe ti me ne sonte n\u00eb or\u00ebn 20.00 me muzik\u00eb me DJ, k\u00ebng\u00ebtar\u00eb dhe k\u00ebrcime latine Adresa p\u00ebrgjat\u00eb \ud83d\udccd Bulevardit &#8216;Epidamn&#8217; (ish Rruga Tregtare). #Durr\u00ebsiTuristik #EjaDheTi<\/p>\n","protected":false},"author":1,"featured_media":2240,"comment_status":"open","ping_status":"open","sticky":false,"template":"","format":"standard","meta":{"_monsterinsights_skip_tracking":false,"_monsterinsights_sitenote_active":false,"_monsterinsights_sitenote_note":"","_monsterinsights_sitenote_category":0,"footnotes":""},"categories":[3],"tags":[],"class_list":["post-166","post","type-post","status-publish","format-standard","has-post-thumbnail","hentry","category-blog-v1"],"yoast_head":"<!-- This site is optimized with the Yoast SEO plugin v26.3 - https:\/\/yoast.com\/wordpress\/plugins\/seo\/ -->\n<title>\u2600\ufe0f\ud83c\udfd6\ufe0f\ud83c\udf0a Mbyllim sot Jav\u00ebn e Turizmit me organizimin e &#039;Street Party&#039; 1 | Bashkia Durr\u00ebs - Faqja Zyrtare<\/title>\n<meta name=\"robots\" content=\"index, follow, max-snippet:-1, max-image-preview:large, max-video-preview:-1\" \/>\n<link rel=\"canonical\" href=\"https:\/\/daco.al\/visitdurres\/index.php\/mayor-invites-medical-experts-to-discuss-about-covid\/\" \/>\n<meta property=\"og:locale\" content=\"en_US\" \/>\n<meta property=\"og:type\" content=\"article\" \/>\n<meta property=\"og:title\" content=\"\u2600\ufe0f\ud83c\udfd6\ufe0f\ud83c\udf0a Mbyllim sot Jav\u00ebn e Turizmit me organizimin e &#039;Street Party&#039; 1 | Bashkia Durr\u00ebs - Faqja Zyrtare\" \/>\n<meta property=\"og:description\" content=\"\ud83c\udfbc\ud83c\udfb8 Eja festo dhe ti me ne sonte n\u00eb or\u00ebn 20.00 me muzik\u00eb me DJ, k\u00ebng\u00ebtar\u00eb dhe k\u00ebrcime latine Adresa p\u00ebrgjat\u00eb \ud83d\udccd Bulevardit &#8216;Epidamn&#8217; (ish Rruga Tregtare). #Durr\u00ebsiTuristik #EjaDheTi\" \/>\n<meta property=\"og:url\" content=\"https:\/\/daco.al\/visitdurres\/index.php\/mayor-invites-medical-experts-to-discuss-about-covid\/\" \/>\n<meta property=\"og:site_name\" content=\"Bashkia Durr\u00ebs - Faqja Zyrtare\" \/>\n<meta property=\"article:published_time\" content=\"2023-07-07T20:49:31+00:00\" \/>\n<meta property=\"article:modified_time\" content=\"2023-07-27T08:14:14+00:00\" \/>\n<meta property=\"og:image\" content=\"https:\/\/daco.al\/visitdurres\/wp-content\/uploads\/2023\/07\/rsz_screenshot_2.jpg\" \/>\n\t<meta property=\"og:image:width\" content=\"503\" \/>\n\t<meta property=\"og:image:height\" content=\"367\" \/>\n\t<meta property=\"og:image:type\" content=\"image\/jpeg\" \/>\n<meta name=\"author\" content=\"admin\" \/>\n<meta name=\"twitter:card\" content=\"summary_large_image\" \/>\n<meta name=\"twitter:label1\" content=\"Written by\" \/>\n\t<meta name=\"twitter:data1\" content=\"admin\" \/>\n<script type=\"application\/ld+json\" class=\"yoast-schema-graph\">{\"@context\":\"https:\/\/schema.org\",\"@graph\":[{\"@type\":\"Article\",\"@id\":\"https:\/\/daco.al\/visitdurres\/index.php\/mayor-invites-medical-experts-to-discuss-about-covid\/#article\",\"isPartOf\":{\"@id\":\"https:\/\/daco.al\/visitdurres\/index.php\/mayor-invites-medical-experts-to-discuss-about-covid\/\"},\"author\":{\"name\":\"admin\",\"@id\":\"https:\/\/daco.al\/visitdurres\/#\/schema\/person\/e18404ee122fc37ec3ed9c2a3299fb89\"},\"headline\":\"\u2600\ufe0f\ud83c\udfd6\ufe0f\ud83c\udf0a Mbyllim sot Jav\u00ebn e Turizmit me organizimin e &#8216;Street Party&#8217;\",\"datePublished\":\"2023-07-07T20:49:31+00:00\",\"dateModified\":\"2023-07-27T08:14:14+00:00\",\"mainEntityOfPage\":{\"@id\":\"https:\/\/daco.al\/visitdurres\/index.php\/mayor-invites-medical-experts-to-discuss-about-covid\/\"},\"wordCount\":43,\"commentCount\":0,\"publisher\":{\"@id\":\"https:\/\/daco.al\/visitdurres\/#organization\"},\"image\":{\"@id\":\"https:\/\/daco.al\/visitdurres\/index.php\/mayor-invites-medical-experts-to-discuss-about-covid\/#primaryimage\"},\"thumbnailUrl\":\"https:\/\/daco.al\/visitdurres\/wp-content\/uploads\/2023\/07\/rsz_screenshot_2.jpg\",\"articleSection\":[\"Blog V1\"],\"inLanguage\":\"en-US\",\"potentialAction\":[{\"@type\":\"CommentAction\",\"name\":\"Comment\",\"target\":[\"https:\/\/daco.al\/visitdurres\/index.php\/mayor-invites-medical-experts-to-discuss-about-covid\/#respond\"]}]},{\"@type\":\"WebPage\",\"@id\":\"https:\/\/daco.al\/visitdurres\/index.php\/mayor-invites-medical-experts-to-discuss-about-covid\/\",\"url\":\"https:\/\/daco.al\/visitdurres\/index.php\/mayor-invites-medical-experts-to-discuss-about-covid\/\",\"name\":\"\u2600\ufe0f\ud83c\udfd6\ufe0f\ud83c\udf0a Mbyllim sot Jav\u00ebn e Turizmit me organizimin e 'Street Party' 1 | Bashkia Durr\u00ebs - Faqja Zyrtare\",\"isPartOf\":{\"@id\":\"https:\/\/daco.al\/visitdurres\/#website\"},\"primaryImageOfPage\":{\"@id\":\"https:\/\/daco.al\/visitdurres\/index.php\/mayor-invites-medical-experts-to-discuss-about-covid\/#primaryimage\"},\"image\":{\"@id\":\"https:\/\/daco.al\/visitdurres\/index.php\/mayor-invites-medical-experts-to-discuss-about-covid\/#primaryimage\"},\"thumbnailUrl\":\"https:\/\/daco.al\/visitdurres\/wp-content\/uploads\/2023\/07\/rsz_screenshot_2.jpg\",\"datePublished\":\"2023-07-07T20:49:31+00:00\",\"dateModified\":\"2023-07-27T08:14:14+00:00\",\"breadcrumb\":{\"@id\":\"https:\/\/daco.al\/visitdurres\/index.php\/mayor-invites-medical-experts-to-discuss-about-covid\/#breadcrumb\"},\"inLanguage\":\"en-US\",\"potentialAction\":[{\"@type\":\"ReadAction\",\"target\":[\"https:\/\/daco.al\/visitdurres\/index.php\/mayor-invites-medical-experts-to-discuss-about-covid\/\"]}]},{\"@type\":\"ImageObject\",\"inLanguage\":\"en-US\",\"@id\":\"https:\/\/daco.al\/visitdurres\/index.php\/mayor-invites-medical-experts-to-discuss-about-covid\/#primaryimage\",\"url\":\"https:\/\/daco.al\/visitdurres\/wp-content\/uploads\/2023\/07\/rsz_screenshot_2.jpg\",\"contentUrl\":\"https:\/\/daco.al\/visitdurres\/wp-content\/uploads\/2023\/07\/rsz_screenshot_2.jpg\",\"width\":503,\"height\":367},{\"@type\":\"BreadcrumbList\",\"@id\":\"https:\/\/daco.al\/visitdurres\/index.php\/mayor-invites-medical-experts-to-discuss-about-covid\/#breadcrumb\",\"itemListElement\":[{\"@type\":\"ListItem\",\"position\":1,\"name\":\"Home\",\"item\":\"https:\/\/daco.al\/visitdurres\/\"},{\"@type\":\"ListItem\",\"position\":2,\"name\":\"\u2600\ufe0f\ud83c\udfd6\ufe0f\ud83c\udf0a Mbyllim sot Jav\u00ebn e Turizmit me organizimin e &#8216;Street Party&#8217;\"}]},{\"@type\":\"WebSite\",\"@id\":\"https:\/\/daco.al\/visitdurres\/#website\",\"url\":\"https:\/\/daco.al\/visitdurres\/\",\"name\":\"Visitdurres\",\"description\":\"Vizitoni Durresin\",\"publisher\":{\"@id\":\"https:\/\/daco.al\/visitdurres\/#organization\"},\"potentialAction\":[{\"@type\":\"SearchAction\",\"target\":{\"@type\":\"EntryPoint\",\"urlTemplate\":\"https:\/\/daco.al\/visitdurres\/?s={search_term_string}\"},\"query-input\":{\"@type\":\"PropertyValueSpecification\",\"valueRequired\":true,\"valueName\":\"search_term_string\"}}],\"inLanguage\":\"en-US\"},{\"@type\":\"Organization\",\"@id\":\"https:\/\/daco.al\/visitdurres\/#organization\",\"name\":\"Visitdurres\",\"url\":\"https:\/\/daco.al\/visitdurres\/\",\"logo\":{\"@type\":\"ImageObject\",\"inLanguage\":\"en-US\",\"@id\":\"https:\/\/daco.al\/visitdurres\/#\/schema\/logo\/image\/\",\"url\":\"https:\/\/daco.al\/visitdurres\/wp-content\/uploads\/2023\/07\/cropped-durres-logo-2.png\",\"contentUrl\":\"https:\/\/daco.al\/visitdurres\/wp-content\/uploads\/2023\/07\/cropped-durres-logo-2.png\",\"width\":456,\"height\":250,\"caption\":\"Visitdurres\"},\"image\":{\"@id\":\"https:\/\/daco.al\/visitdurres\/#\/schema\/logo\/image\/\"}},{\"@type\":\"Person\",\"@id\":\"https:\/\/daco.al\/visitdurres\/#\/schema\/person\/e18404ee122fc37ec3ed9c2a3299fb89\",\"name\":\"admin\",\"image\":{\"@type\":\"ImageObject\",\"inLanguage\":\"en-US\",\"@id\":\"https:\/\/daco.al\/visitdurres\/#\/schema\/person\/image\/\",\"url\":\"https:\/\/secure.gravatar.com\/avatar\/af629615000f136098b89c119addd0864736ba2732f575e3bf0a220c35c276c6?s=96&d=mm&r=g\",\"contentUrl\":\"https:\/\/secure.gravatar.com\/avatar\/af629615000f136098b89c119addd0864736ba2732f575e3bf0a220c35c276c6?s=96&d=mm&r=g\",\"caption\":\"admin\"},\"sameAs\":[\"http:\/\/www.visitdurres.al\"],\"url\":\"https:\/\/daco.al\/visitdurres\/index.php\/author\/admin\/\"}]}<\/script>\n<!-- \/ Yoast SEO plugin. -->","yoast_head_json":{"title":"\u2600\ufe0f\ud83c\udfd6\ufe0f\ud83c\udf0a Mbyllim sot Jav\u00ebn e Turizmit me organizimin e 'Street Party' 1 | Bashkia Durr\u00ebs - Faqja Zyrtare","robots":{"index":"index","follow":"follow","max-snippet":"max-snippet:-1","max-image-preview":"max-image-preview:large","max-video-preview":"max-video-preview:-1"},"canonical":"https:\/\/daco.al\/visitdurres\/index.php\/mayor-invites-medical-experts-to-discuss-about-covid\/","og_locale":"en_US","og_type":"article","og_title":"\u2600\ufe0f\ud83c\udfd6\ufe0f\ud83c\udf0a Mbyllim sot Jav\u00ebn e Turizmit me organizimin e 'Street Party' 1 | Bashkia Durr\u00ebs - Faqja Zyrtare","og_description":"\ud83c\udfbc\ud83c\udfb8 Eja festo dhe ti me ne sonte n\u00eb or\u00ebn 20.00 me muzik\u00eb me DJ, k\u00ebng\u00ebtar\u00eb dhe k\u00ebrcime latine Adresa p\u00ebrgjat\u00eb \ud83d\udccd Bulevardit &#8216;Epidamn&#8217; (ish Rruga Tregtare). #Durr\u00ebsiTuristik #EjaDheTi","og_url":"https:\/\/daco.al\/visitdurres\/index.php\/mayor-invites-medical-experts-to-discuss-about-covid\/","og_site_name":"Bashkia Durr\u00ebs - Faqja Zyrtare","article_published_time":"2023-07-07T20:49:31+00:00","article_modified_time":"2023-07-27T08:14:14+00:00","og_image":[{"width":503,"height":367,"url":"https:\/\/daco.al\/visitdurres\/wp-content\/uploads\/2023\/07\/rsz_screenshot_2.jpg","type":"image\/jpeg"}],"author":"admin","twitter_card":"summary_large_image","twitter_misc":{"Written by":"admin"},"schema":{"@context":"https:\/\/schema.org","@graph":[{"@type":"Article","@id":"https:\/\/daco.al\/visitdurres\/index.php\/mayor-invites-medical-experts-to-discuss-about-covid\/#article","isPartOf":{"@id":"https:\/\/daco.al\/visitdurres\/index.php\/mayor-invites-medical-experts-to-discuss-about-covid\/"},"author":{"name":"admin","@id":"https:\/\/daco.al\/visitdurres\/#\/schema\/person\/e18404ee122fc37ec3ed9c2a3299fb89"},"headline":"\u2600\ufe0f\ud83c\udfd6\ufe0f\ud83c\udf0a Mbyllim sot Jav\u00ebn e Turizmit me organizimin e &#8216;Street Party&#8217;","datePublished":"2023-07-07T20:49:31+00:00","dateModified":"2023-07-27T08:14:14+00:00","mainEntityOfPage":{"@id":"https:\/\/daco.al\/visitdurres\/index.php\/mayor-invites-medical-experts-to-discuss-about-covid\/"},"wordCount":43,"commentCount":0,"publisher":{"@id":"https:\/\/daco.al\/visitdurres\/#organization"},"image":{"@id":"https:\/\/daco.al\/visitdurres\/index.php\/mayor-invites-medical-experts-to-discuss-about-covid\/#primaryimage"},"thumbnailUrl":"https:\/\/daco.al\/visitdurres\/wp-content\/uploads\/2023\/07\/rsz_screenshot_2.jpg","articleSection":["Blog V1"],"inLanguage":"en-US","potentialAction":[{"@type":"CommentAction","name":"Comment","target":["https:\/\/daco.al\/visitdurres\/index.php\/mayor-invites-medical-experts-to-discuss-about-covid\/#respond"]}]},{"@type":"WebPage","@id":"https:\/\/daco.al\/visitdurres\/index.php\/mayor-invites-medical-experts-to-discuss-about-covid\/","url":"https:\/\/daco.al\/visitdurres\/index.php\/mayor-invites-medical-experts-to-discuss-about-covid\/","name":"\u2600\ufe0f\ud83c\udfd6\ufe0f\ud83c\udf0a Mbyllim sot Jav\u00ebn e Turizmit me organizimin e 'Street Party' 1 | Bashkia Durr\u00ebs - Faqja Zyrtare","isPartOf":{"@id":"https:\/\/daco.al\/visitdurres\/#website"},"primaryImageOfPage":{"@id":"https:\/\/daco.al\/visitdurres\/index.php\/mayor-invites-medical-experts-to-discuss-about-covid\/#primaryimage"},"image":{"@id":"https:\/\/daco.al\/visitdurres\/index.php\/mayor-invites-medical-experts-to-discuss-about-covid\/#primaryimage"},"thumbnailUrl":"https:\/\/daco.al\/visitdurres\/wp-content\/uploads\/2023\/07\/rsz_screenshot_2.jpg","datePublished":"2023-07-07T20:49:31+00:00","dateModified":"2023-07-27T08:14:14+00:00","breadcrumb":{"@id":"https:\/\/daco.al\/visitdurres\/index.php\/mayor-invites-medical-experts-to-discuss-about-covid\/#breadcrumb"},"inLanguage":"en-US","potentialAction":[{"@type":"ReadAction","target":["https:\/\/daco.al\/visitdurres\/index.php\/mayor-invites-medical-experts-to-discuss-about-covid\/"]}]},{"@type":"ImageObject","inLanguage":"en-US","@id":"https:\/\/daco.al\/visitdurres\/index.php\/mayor-invites-medical-experts-to-discuss-about-covid\/#primaryimage","url":"https:\/\/daco.al\/visitdurres\/wp-content\/uploads\/2023\/07\/rsz_screenshot_2.jpg","contentUrl":"https:\/\/daco.al\/visitdurres\/wp-content\/uploads\/2023\/07\/rsz_screenshot_2.jpg","width":503,"height":367},{"@type":"BreadcrumbList","@id":"https:\/\/daco.al\/visitdurres\/index.php\/mayor-invites-medical-experts-to-discuss-about-covid\/#breadcrumb","itemListElement":[{"@type":"ListItem","position":1,"name":"Home","item":"https:\/\/daco.al\/visitdurres\/"},{"@type":"ListItem","position":2,"name":"\u2600\ufe0f\ud83c\udfd6\ufe0f\ud83c\udf0a Mbyllim sot Jav\u00ebn e Turizmit me organizimin e &#8216;Street Party&#8217;"}]},{"@type":"WebSite","@id":"https:\/\/daco.al\/visitdurres\/#website","url":"https:\/\/daco.al\/visitdurres\/","name":"Visitdurres","description":"Vizitoni Durresin","publisher":{"@id":"https:\/\/daco.al\/visitdurres\/#organization"},"potentialAction":[{"@type":"SearchAction","target":{"@type":"EntryPoint","urlTemplate":"https:\/\/daco.al\/visitdurres\/?s={search_term_string}"},"query-input":{"@type":"PropertyValueSpecification","valueRequired":true,"valueName":"search_term_string"}}],"inLanguage":"en-US"},{"@type":"Organization","@id":"https:\/\/daco.al\/visitdurres\/#organization","name":"Visitdurres","url":"https:\/\/daco.al\/visitdurres\/","logo":{"@type":"ImageObject","inLanguage":"en-US","@id":"https:\/\/daco.al\/visitdurres\/#\/schema\/logo\/image\/","url":"https:\/\/daco.al\/visitdurres\/wp-content\/uploads\/2023\/07\/cropped-durres-logo-2.png","contentUrl":"https:\/\/daco.al\/visitdurres\/wp-content\/uploads\/2023\/07\/cropped-durres-logo-2.png","width":456,"height":250,"caption":"Visitdurres"},"image":{"@id":"https:\/\/daco.al\/visitdurres\/#\/schema\/logo\/image\/"}},{"@type":"Person","@id":"https:\/\/daco.al\/visitdurres\/#\/schema\/person\/e18404ee122fc37ec3ed9c2a3299fb89","name":"admin","image":{"@type":"ImageObject","inLanguage":"en-US","@id":"https:\/\/daco.al\/visitdurres\/#\/schema\/person\/image\/","url":"https:\/\/secure.gravatar.com\/avatar\/af629615000f136098b89c119addd0864736ba2732f575e3bf0a220c35c276c6?s=96&d=mm&r=g","contentUrl":"https:\/\/secure.gravatar.com\/avatar\/af629615000f136098b89c119addd0864736ba2732f575e3bf0a220c35c276c6?s=96&d=mm&r=g","caption":"admin"},"sameAs":["http:\/\/www.visitdurres.al"],"url":"https:\/\/daco.al\/visitdurres\/index.php\/author\/admin\/"}]}},"_links":{"self":[{"href":"https:\/\/daco.al\/visitdurres\/index.php\/wp-json\/wp\/v2\/posts\/166","targetHints":{"allow":["GET"]}}],"collection":[{"href":"https:\/\/daco.al\/visitdurres\/index.php\/wp-json\/wp\/v2\/posts"}],"about":[{"href":"https:\/\/daco.al\/visitdurres\/index.php\/wp-json\/wp\/v2\/types\/post"}],"author":[{"embeddable":true,"href":"https:\/\/daco.al\/visitdurres\/index.php\/wp-json\/wp\/v2\/users\/1"}],"replies":[{"embeddable":true,"href":"https:\/\/daco.al\/visitdurres\/index.php\/wp-json\/wp\/v2\/comments?post=166"}],"version-history":[{"count":2,"href":"https:\/\/daco.al\/visitdurres\/index.php\/wp-json\/wp\/v2\/posts\/166\/revisions"}],"predecessor-version":[{"id":1783,"href":"https:\/\/daco.al\/visitdurres\/index.php\/wp-json\/wp\/v2\/posts\/166\/revisions\/1783"}],"wp:featuredmedia":[{"embeddable":true,"href":"https:\/\/daco.al\/visitdurres\/index.php\/wp-json\/wp\/v2\/media\/2240"}],"wp:attachment":[{"href":"https:\/\/daco.al\/visitdurres\/index.php\/wp-json\/wp\/v2\/media?parent=166"}],"wp:term":[{"taxonomy":"category","embeddable":true,"href":"https:\/\/daco.al\/visitdurres\/index.php\/wp-json\/wp\/v2\/categories?post=166"},{"taxonomy":"post_tag","embeddable":true,"href":"https:\/\/daco.al\/visitdurres\/index.php\/wp-json\/wp\/v2\/tags?post=166"}],"curies":[{"name":"wp","href":"https:\/\/api.w.org\/{rel}","templated":true}]}}